{"id":6044,"date":"2026-03-31T13:31:23","date_gmt":"2026-03-31T13:31:23","guid":{"rendered":"https:\/\/musee-arromanches.fr\/?p=6044"},"modified":"2026-03-31T13:36:33","modified_gmt":"2026-03-31T13:36:33","slug":"les-pages-du-debarquement-book-fair","status":"publish","type":"post","link":"https:\/\/musee-arromanches.fr\/en\/les-pages-du-debarquement-book-fair\/","title":{"rendered":"Les Pages du D\u00e9barquement Book Fair"},"content":{"rendered":"<p data-start=\"86\" data-end=\"259\">The \u201cLes Pages du D\u00e9barquement\u201d Book Fair Returns to Arromanches on May 30, 2026<\/p>\n<p data-start=\"86\" data-end=\"259\">On Saturday, May 30, 2026, Arromanches will host a new edition of the <em data-start=\"156\" data-end=\"183\">Les Pages du D\u00e9barquement<\/em> book fair, organized at the village hall, located just opposite the museum.<\/p>\n<p data-start=\"261\" data-end=\"573\">This event, open to the general public, will bring together around twenty authors specializing in the history of D-Day and the Battle of Normandy. Throughout the day, visitors will have the opportunity to meet the authors, talk with them, and discover their books in a friendly setting that is accessible to all.<\/p>\n<p data-start=\"575\" data-end=\"677\">The book fair will be open from 10:00 am to 1:00 pm, and from 2:30 pm to 6:30 pm.<br data-start=\"656\" data-end=\"659\" \/>Admission is free.<\/p>\n<p data-start=\"679\" data-end=\"816\">The detailed program, along with the list of attending authors, will be announced soon on the museum\u2019s website and social media channels.<\/p>\n<p data-start=\"818\" data-end=\"843\"><strong data-start=\"818\" data-end=\"843\">Practical Information<\/strong><\/p>\n<p data-start=\"845\" data-end=\"993\" data-is-last-node=\"\" data-is-only-node=\"\"><strong data-start=\"845\" data-end=\"854\">Date:<\/strong> Saturday, May 30, 2026<br data-start=\"877\" data-end=\"880\" \/><strong data-start=\"880\" data-end=\"890\">Venue:<\/strong> Arromanches Village Hall<br data-start=\"915\" data-end=\"918\" \/><strong data-start=\"918\" data-end=\"936\">Opening Hours:<\/strong> 10:00 am\u20131:00 pm \/ 2:30 pm\u20136:30 pm<br data-start=\"971\" data-end=\"974\" \/><strong data-start=\"974\" data-end=\"988\" data-is-only-node=\"\">Admission:<\/strong> Free<\/p>\n","protected":false},"excerpt":{"rendered":"<p>The \u201cLes Pages du D\u00e9barquement\u201d Book Fair Returns to Arromanches on May 30, 2026 On [&hellip;]<\/p>\n","protected":false},"author":3,"featured_media":6033,"comment_status":"closed","ping_status":"closed","sticky":false,"template":"","format":"standard","meta":{"_acf_changed":false,"inline_featured_image":false,"footnotes":""},"categories":[1],"tags":[],"class_list":["post-6044","post","type-post","status-publish","format-standard","has-post-thumbnail","hentry","category-non-classifiee"],"acf":[],"yoast_head":"<!-- This site is optimized with the Yoast SEO plugin v27.5 - https:\/\/yoast.com\/product\/yoast-seo-wordpress\/ -->\n<title>Les Pages du D\u00e9barquement Book Fair - Mus\u00e9e du D\u00e9barquement - Arromanches<\/title>\n<meta name=\"description\" content=\"Join the Les Pages du D\u00e9barquement Book Fair in Arromanches on May 30 2026, and meet authors specializing in D-Day and the Battle of Normandy\" \/>\n<meta name=\"robots\" content=\"index, follow, max-snippet:-1, max-image-preview:large, max-video-preview:-1\" \/>\n<link rel=\"canonical\" href=\"https:\/\/musee-arromanches.fr\/en\/les-pages-du-debarquement-book-fair\/\" \/>\n<meta property=\"og:locale\" content=\"en_US\" \/>\n<meta property=\"og:type\" content=\"article\" \/>\n<meta property=\"og:title\" content=\"Les Pages du D\u00e9barquement Book Fair - Mus\u00e9e du D\u00e9barquement - Arromanches\" \/>\n<meta property=\"og:description\" content=\"Join the Les Pages du D\u00e9barquement Book Fair in Arromanches on May 30 2026, and meet authors specializing in D-Day and the Battle of Normandy\" \/>\n<meta property=\"og:url\" content=\"https:\/\/musee-arromanches.fr\/en\/les-pages-du-debarquement-book-fair\/\" \/>\n<meta property=\"og:site_name\" content=\"Mus\u00e9e du D\u00e9barquement - Arromanches\" \/>\n<meta property=\"article:published_time\" content=\"2026-03-31T13:31:23+00:00\" \/>\n<meta property=\"article:modified_time\" content=\"2026-03-31T13:36:33+00:00\" \/>\n<meta property=\"og:image\" content=\"https:\/\/musee-arromanches.fr\/wp-content\/uploads\/2026\/03\/Affiche-Salon-du-livre-30-mai-2026-Couverture-Facebook.jpg\" \/>\n\t<meta property=\"og:image:width\" content=\"851\" \/>\n\t<meta property=\"og:image:height\" content=\"315\" \/>\n\t<meta property=\"og:image:type\" content=\"image\/jpeg\" \/>\n<meta name=\"author\" content=\"c.mace\" \/>\n<meta name=\"twitter:card\" content=\"summary_large_image\" \/>\n<meta name=\"twitter:label1\" content=\"Written by\" \/>\n\t<meta name=\"twitter:data1\" content=\"c.mace\" \/>\n\t<meta name=\"twitter:label2\" content=\"Est. reading time\" \/>\n\t<meta name=\"twitter:data2\" content=\"1 minute\" \/>\n<script type=\"application\/ld+json\" class=\"yoast-schema-graph\">{\"@context\":\"https:\\\/\\\/schema.org\",\"@graph\":[{\"@type\":\"Article\",\"@id\":\"https:\\\/\\\/musee-arromanches.fr\\\/en\\\/les-pages-du-debarquement-book-fair\\\/#article\",\"isPartOf\":{\"@id\":\"https:\\\/\\\/musee-arromanches.fr\\\/en\\\/les-pages-du-debarquement-book-fair\\\/\"},\"author\":{\"name\":\"c.mace\",\"@id\":\"https:\\\/\\\/musee-arromanches.fr\\\/en\\\/#\\\/schema\\\/person\\\/69580e3c07116eb4caae7cee2b47d5e4\"},\"headline\":\"Les Pages du D\u00e9barquement Book Fair\",\"datePublished\":\"2026-03-31T13:31:23+00:00\",\"dateModified\":\"2026-03-31T13:36:33+00:00\",\"mainEntityOfPage\":{\"@id\":\"https:\\\/\\\/musee-arromanches.fr\\\/en\\\/les-pages-du-debarquement-book-fair\\\/\"},\"wordCount\":158,\"image\":{\"@id\":\"https:\\\/\\\/musee-arromanches.fr\\\/en\\\/les-pages-du-debarquement-book-fair\\\/#primaryimage\"},\"thumbnailUrl\":\"https:\\\/\\\/musee-arromanches.fr\\\/wp-content\\\/uploads\\\/2026\\\/03\\\/Affiche-Salon-du-livre-30-mai-2026-Couverture-Facebook.jpg\",\"articleSection\":[\"Non classifi\u00e9(e)\"],\"inLanguage\":\"en-US\"},{\"@type\":\"WebPage\",\"@id\":\"https:\\\/\\\/musee-arromanches.fr\\\/en\\\/les-pages-du-debarquement-book-fair\\\/\",\"url\":\"https:\\\/\\\/musee-arromanches.fr\\\/en\\\/les-pages-du-debarquement-book-fair\\\/\",\"name\":\"Les Pages du D\u00e9barquement Book Fair - Mus\u00e9e du D\u00e9barquement - Arromanches\",\"isPartOf\":{\"@id\":\"https:\\\/\\\/musee-arromanches.fr\\\/en\\\/#website\"},\"primaryImageOfPage\":{\"@id\":\"https:\\\/\\\/musee-arromanches.fr\\\/en\\\/les-pages-du-debarquement-book-fair\\\/#primaryimage\"},\"image\":{\"@id\":\"https:\\\/\\\/musee-arromanches.fr\\\/en\\\/les-pages-du-debarquement-book-fair\\\/#primaryimage\"},\"thumbnailUrl\":\"https:\\\/\\\/musee-arromanches.fr\\\/wp-content\\\/uploads\\\/2026\\\/03\\\/Affiche-Salon-du-livre-30-mai-2026-Couverture-Facebook.jpg\",\"datePublished\":\"2026-03-31T13:31:23+00:00\",\"dateModified\":\"2026-03-31T13:36:33+00:00\",\"author\":{\"@id\":\"https:\\\/\\\/musee-arromanches.fr\\\/en\\\/#\\\/schema\\\/person\\\/69580e3c07116eb4caae7cee2b47d5e4\"},\"description\":\"Join the Les Pages du D\u00e9barquement Book Fair in Arromanches on May 30 2026, and meet authors specializing in D-Day and the Battle of Normandy\",\"breadcrumb\":{\"@id\":\"https:\\\/\\\/musee-arromanches.fr\\\/en\\\/les-pages-du-debarquement-book-fair\\\/#breadcrumb\"},\"inLanguage\":\"en-US\",\"potentialAction\":[{\"@type\":\"ReadAction\",\"target\":[\"https:\\\/\\\/musee-arromanches.fr\\\/en\\\/les-pages-du-debarquement-book-fair\\\/\"]}]},{\"@type\":\"ImageObject\",\"inLanguage\":\"en-US\",\"@id\":\"https:\\\/\\\/musee-arromanches.fr\\\/en\\\/les-pages-du-debarquement-book-fair\\\/#primaryimage\",\"url\":\"https:\\\/\\\/musee-arromanches.fr\\\/wp-content\\\/uploads\\\/2026\\\/03\\\/Affiche-Salon-du-livre-30-mai-2026-Couverture-Facebook.jpg\",\"contentUrl\":\"https:\\\/\\\/musee-arromanches.fr\\\/wp-content\\\/uploads\\\/2026\\\/03\\\/Affiche-Salon-du-livre-30-mai-2026-Couverture-Facebook.jpg\",\"width\":851,\"height\":315},{\"@type\":\"BreadcrumbList\",\"@id\":\"https:\\\/\\\/musee-arromanches.fr\\\/en\\\/les-pages-du-debarquement-book-fair\\\/#breadcrumb\",\"itemListElement\":[{\"@type\":\"ListItem\",\"position\":1,\"name\":\"Home\",\"item\":\"https:\\\/\\\/musee-arromanches.fr\\\/en\\\/\"},{\"@type\":\"ListItem\",\"position\":2,\"name\":\"Les Pages du D\u00e9barquement Book Fair\"}]},{\"@type\":\"WebSite\",\"@id\":\"https:\\\/\\\/musee-arromanches.fr\\\/en\\\/#website\",\"url\":\"https:\\\/\\\/musee-arromanches.fr\\\/en\\\/\",\"name\":\"Mus\u00e9e du D\u00e9barquement - Arromanches\",\"description\":\"\",\"potentialAction\":[{\"@type\":\"SearchAction\",\"target\":{\"@type\":\"EntryPoint\",\"urlTemplate\":\"https:\\\/\\\/musee-arromanches.fr\\\/en\\\/?s={search_term_string}\"},\"query-input\":{\"@type\":\"PropertyValueSpecification\",\"valueRequired\":true,\"valueName\":\"search_term_string\"}}],\"inLanguage\":\"en-US\"},{\"@type\":\"Person\",\"@id\":\"https:\\\/\\\/musee-arromanches.fr\\\/en\\\/#\\\/schema\\\/person\\\/69580e3c07116eb4caae7cee2b47d5e4\",\"name\":\"c.mace\",\"image\":{\"@type\":\"ImageObject\",\"inLanguage\":\"en-US\",\"@id\":\"https:\\\/\\\/secure.gravatar.com\\\/avatar\\\/cb737a4dec1ac6b676520be972c4365e9999031d8cbb3cb951a764638c7ee7be?s=96&d=mm&r=g\",\"url\":\"https:\\\/\\\/secure.gravatar.com\\\/avatar\\\/cb737a4dec1ac6b676520be972c4365e9999031d8cbb3cb951a764638c7ee7be?s=96&d=mm&r=g\",\"contentUrl\":\"https:\\\/\\\/secure.gravatar.com\\\/avatar\\\/cb737a4dec1ac6b676520be972c4365e9999031d8cbb3cb951a764638c7ee7be?s=96&d=mm&r=g\",\"caption\":\"c.mace\"},\"url\":\"https:\\\/\\\/musee-arromanches.fr\\\/en\\\/author\\\/c-mace\\\/\"}]}<\/script>\n<!-- \/ Yoast SEO plugin. -->","yoast_head_json":{"title":"Les Pages du D\u00e9barquement Book Fair - Mus\u00e9e du D\u00e9barquement - Arromanches","description":"Join the Les Pages du D\u00e9barquement Book Fair in Arromanches on May 30 2026, and meet authors specializing in D-Day and the Battle of Normandy","robots":{"index":"index","follow":"follow","max-snippet":"max-snippet:-1","max-image-preview":"max-image-preview:large","max-video-preview":"max-video-preview:-1"},"canonical":"https:\/\/musee-arromanches.fr\/en\/les-pages-du-debarquement-book-fair\/","og_locale":"en_US","og_type":"article","og_title":"Les Pages du D\u00e9barquement Book Fair - Mus\u00e9e du D\u00e9barquement - Arromanches","og_description":"Join the Les Pages du D\u00e9barquement Book Fair in Arromanches on May 30 2026, and meet authors specializing in D-Day and the Battle of Normandy","og_url":"https:\/\/musee-arromanches.fr\/en\/les-pages-du-debarquement-book-fair\/","og_site_name":"Mus\u00e9e du D\u00e9barquement - Arromanches","article_published_time":"2026-03-31T13:31:23+00:00","article_modified_time":"2026-03-31T13:36:33+00:00","og_image":[{"width":851,"height":315,"url":"https:\/\/musee-arromanches.fr\/wp-content\/uploads\/2026\/03\/Affiche-Salon-du-livre-30-mai-2026-Couverture-Facebook.jpg","type":"image\/jpeg"}],"author":"c.mace","twitter_card":"summary_large_image","twitter_misc":{"Written by":"c.mace","Est. reading time":"1 minute"},"schema":{"@context":"https:\/\/schema.org","@graph":[{"@type":"Article","@id":"https:\/\/musee-arromanches.fr\/en\/les-pages-du-debarquement-book-fair\/#article","isPartOf":{"@id":"https:\/\/musee-arromanches.fr\/en\/les-pages-du-debarquement-book-fair\/"},"author":{"name":"c.mace","@id":"https:\/\/musee-arromanches.fr\/en\/#\/schema\/person\/69580e3c07116eb4caae7cee2b47d5e4"},"headline":"Les Pages du D\u00e9barquement Book Fair","datePublished":"2026-03-31T13:31:23+00:00","dateModified":"2026-03-31T13:36:33+00:00","mainEntityOfPage":{"@id":"https:\/\/musee-arromanches.fr\/en\/les-pages-du-debarquement-book-fair\/"},"wordCount":158,"image":{"@id":"https:\/\/musee-arromanches.fr\/en\/les-pages-du-debarquement-book-fair\/#primaryimage"},"thumbnailUrl":"https:\/\/musee-arromanches.fr\/wp-content\/uploads\/2026\/03\/Affiche-Salon-du-livre-30-mai-2026-Couverture-Facebook.jpg","articleSection":["Non classifi\u00e9(e)"],"inLanguage":"en-US"},{"@type":"WebPage","@id":"https:\/\/musee-arromanches.fr\/en\/les-pages-du-debarquement-book-fair\/","url":"https:\/\/musee-arromanches.fr\/en\/les-pages-du-debarquement-book-fair\/","name":"Les Pages du D\u00e9barquement Book Fair - Mus\u00e9e du D\u00e9barquement - Arromanches","isPartOf":{"@id":"https:\/\/musee-arromanches.fr\/en\/#website"},"primaryImageOfPage":{"@id":"https:\/\/musee-arromanches.fr\/en\/les-pages-du-debarquement-book-fair\/#primaryimage"},"image":{"@id":"https:\/\/musee-arromanches.fr\/en\/les-pages-du-debarquement-book-fair\/#primaryimage"},"thumbnailUrl":"https:\/\/musee-arromanches.fr\/wp-content\/uploads\/2026\/03\/Affiche-Salon-du-livre-30-mai-2026-Couverture-Facebook.jpg","datePublished":"2026-03-31T13:31:23+00:00","dateModified":"2026-03-31T13:36:33+00:00","author":{"@id":"https:\/\/musee-arromanches.fr\/en\/#\/schema\/person\/69580e3c07116eb4caae7cee2b47d5e4"},"description":"Join the Les Pages du D\u00e9barquement Book Fair in Arromanches on May 30 2026, and meet authors specializing in D-Day and the Battle of Normandy","breadcrumb":{"@id":"https:\/\/musee-arromanches.fr\/en\/les-pages-du-debarquement-book-fair\/#breadcrumb"},"inLanguage":"en-US","potentialAction":[{"@type":"ReadAction","target":["https:\/\/musee-arromanches.fr\/en\/les-pages-du-debarquement-book-fair\/"]}]},{"@type":"ImageObject","inLanguage":"en-US","@id":"https:\/\/musee-arromanches.fr\/en\/les-pages-du-debarquement-book-fair\/#primaryimage","url":"https:\/\/musee-arromanches.fr\/wp-content\/uploads\/2026\/03\/Affiche-Salon-du-livre-30-mai-2026-Couverture-Facebook.jpg","contentUrl":"https:\/\/musee-arromanches.fr\/wp-content\/uploads\/2026\/03\/Affiche-Salon-du-livre-30-mai-2026-Couverture-Facebook.jpg","width":851,"height":315},{"@type":"BreadcrumbList","@id":"https:\/\/musee-arromanches.fr\/en\/les-pages-du-debarquement-book-fair\/#breadcrumb","itemListElement":[{"@type":"ListItem","position":1,"name":"Home","item":"https:\/\/musee-arromanches.fr\/en\/"},{"@type":"ListItem","position":2,"name":"Les Pages du D\u00e9barquement Book Fair"}]},{"@type":"WebSite","@id":"https:\/\/musee-arromanches.fr\/en\/#website","url":"https:\/\/musee-arromanches.fr\/en\/","name":"Mus\u00e9e du D\u00e9barquement - Arromanches","description":"","potentialAction":[{"@type":"SearchAction","target":{"@type":"EntryPoint","urlTemplate":"https:\/\/musee-arromanches.fr\/en\/?s={search_term_string}"},"query-input":{"@type":"PropertyValueSpecification","valueRequired":true,"valueName":"search_term_string"}}],"inLanguage":"en-US"},{"@type":"Person","@id":"https:\/\/musee-arromanches.fr\/en\/#\/schema\/person\/69580e3c07116eb4caae7cee2b47d5e4","name":"c.mace","image":{"@type":"ImageObject","inLanguage":"en-US","@id":"https:\/\/secure.gravatar.com\/avatar\/cb737a4dec1ac6b676520be972c4365e9999031d8cbb3cb951a764638c7ee7be?s=96&d=mm&r=g","url":"https:\/\/secure.gravatar.com\/avatar\/cb737a4dec1ac6b676520be972c4365e9999031d8cbb3cb951a764638c7ee7be?s=96&d=mm&r=g","contentUrl":"https:\/\/secure.gravatar.com\/avatar\/cb737a4dec1ac6b676520be972c4365e9999031d8cbb3cb951a764638c7ee7be?s=96&d=mm&r=g","caption":"c.mace"},"url":"https:\/\/musee-arromanches.fr\/en\/author\/c-mace\/"}]}},"_links":{"self":[{"href":"https:\/\/musee-arromanches.fr\/en\/wp-json\/wp\/v2\/posts\/6044","targetHints":{"allow":["GET"]}}],"collection":[{"href":"https:\/\/musee-arromanches.fr\/en\/wp-json\/wp\/v2\/posts"}],"about":[{"href":"https:\/\/musee-arromanches.fr\/en\/wp-json\/wp\/v2\/types\/post"}],"author":[{"embeddable":true,"href":"https:\/\/musee-arromanches.fr\/en\/wp-json\/wp\/v2\/users\/3"}],"replies":[{"embeddable":true,"href":"https:\/\/musee-arromanches.fr\/en\/wp-json\/wp\/v2\/comments?post=6044"}],"version-history":[{"count":1,"href":"https:\/\/musee-arromanches.fr\/en\/wp-json\/wp\/v2\/posts\/6044\/revisions"}],"predecessor-version":[{"id":6045,"href":"https:\/\/musee-arromanches.fr\/en\/wp-json\/wp\/v2\/posts\/6044\/revisions\/6045"}],"wp:featuredmedia":[{"embeddable":true,"href":"https:\/\/musee-arromanches.fr\/en\/wp-json\/wp\/v2\/media\/6033"}],"wp:attachment":[{"href":"https:\/\/musee-arromanches.fr\/en\/wp-json\/wp\/v2\/media?parent=6044"}],"wp:term":[{"taxonomy":"category","embeddable":true,"href":"https:\/\/musee-arromanches.fr\/en\/wp-json\/wp\/v2\/categories?post=6044"},{"taxonomy":"post_tag","embeddable":true,"href":"https:\/\/musee-arromanches.fr\/en\/wp-json\/wp\/v2\/tags?post=6044"}],"curies":[{"name":"wp","href":"https:\/\/api.w.org\/{rel}","templated":true}]}}