{"id":1934,"date":"2024-07-20T15:48:52","date_gmt":"2024-07-20T15:48:52","guid":{"rendered":"https:\/\/staging.musee-arromanches.fr\/programme-du-80e-anniversaire-du-debarquement-a-arromanches\/"},"modified":"2024-09-17T11:14:42","modified_gmt":"2024-09-17T11:14:42","slug":"programme-du-80e-anniversaire-du-debarquement-a-arromanches","status":"publish","type":"post","link":"https:\/\/musee-arromanches.fr\/en\/programme-du-80e-anniversaire-du-debarquement-a-arromanches\/","title":{"rendered":"Programme du 80e anniversaire du d\u00e9barquement \u00e0 Arromanches"},"content":{"rendered":"\r\n<p>D\u00e9couvrez le programme des comm\u00e9morations du 80e anniversaire du D\u00e9barquement \u00e0 Arromanches. C\u00e9r\u00e9monies, animations, expositions de v\u00e9hicules militaires, feu d&#8217;artifice&#8230; se tiendront du 1er au 9 juin afin de rendre hommage \u00e0 nos lib\u00e9rateurs.<\/p>\r\n\r\n\r\n\r\n<p>&nbsp;<\/p>\r\n\r\n\r\n\r\n<figure class=\"wp-block-gallery has-nested-images columns-default is-cropped wp-block-gallery-1 is-layout-flex wp-block-gallery-is-layout-flex\">\r\n<figure class=\"wp-block-image size-large\"><img decoding=\"async\" data-id=\"973\" class=\"wp-image-973\" src=\"https:\/\/musee-arromanches.fr\/wp-content\/uploads\/2024\/05\/AFFICHE_ATTOMANCHES_A3-3-728x1024.jpg\" alt=\"\" \/><\/figure>\r\n\r\n\r\n\r\n<figure class=\"wp-block-image size-large\"><img decoding=\"async\" data-id=\"971\" class=\"wp-image-971\" src=\"https:\/\/musee-arromanches.fr\/wp-content\/uploads\/2024\/05\/2-1-722x1024.jpg\" alt=\"\" \/><\/figure>\r\n<\/figure>\r\n\r\n\r\n\r\n<figure class=\"wp-block-gallery has-nested-images columns-default is-cropped wp-block-gallery-2 is-layout-flex wp-block-gallery-is-layout-flex\">\r\n<figure class=\"wp-block-image size-large\"><img decoding=\"async\" data-id=\"975\" class=\"wp-image-975\" src=\"https:\/\/musee-arromanches.fr\/wp-content\/uploads\/2024\/05\/3-1-722x1024.jpg\" alt=\"\" \/><\/figure>\r\n\r\n\r\n\r\n<figure class=\"wp-block-image size-large\"><img decoding=\"async\" data-id=\"974\" class=\"wp-image-974\" src=\"https:\/\/musee-arromanches.fr\/wp-content\/uploads\/2024\/05\/4-1-722x1024.jpg\" alt=\"\" \/><\/figure>\r\n<\/figure>\r\n\r\n\r\n\r\n<p>&nbsp;<\/p>\r\n\r\n\r\n\r\n<p>&nbsp;<\/p>\r\n\r\n\r\n\r\n<p><strong>Nous vous esp\u00e9rons nombreux \u00e0 c\u00e9l\u00e9brer avec nous cet anniversaire qui s&#8217;annonce m\u00e9morable ! <\/strong><\/p>\r\n","protected":false},"excerpt":{"rendered":"<p>D\u00e9couvrez le programme des comm\u00e9morations du 80e anniversaire du D\u00e9barquement \u00e0 Arromanches. C\u00e9r\u00e9monies, animations, expositions [&hellip;]<\/p>\n","protected":false},"author":3,"featured_media":2181,"comment_status":"closed","ping_status":"closed","sticky":false,"template":"","format":"standard","meta":{"_acf_changed":false,"inline_featured_image":false,"footnotes":""},"categories":[40],"tags":[],"class_list":["post-1934","post","type-post","status-publish","format-standard","has-post-thumbnail","hentry","category-archives-en"],"acf":[],"yoast_head":"<!-- This site is optimized with the Yoast SEO plugin v27.5 - https:\/\/yoast.com\/product\/yoast-seo-wordpress\/ -->\n<title>Programme du 80e anniversaire du d\u00e9barquement \u00e0 Arromanches - Mus\u00e9e du D\u00e9barquement - Arromanches<\/title>\n<meta name=\"robots\" content=\"index, follow, max-snippet:-1, max-image-preview:large, max-video-preview:-1\" \/>\n<link rel=\"canonical\" href=\"https:\/\/musee-arromanches.fr\/en\/programme-du-80e-anniversaire-du-debarquement-a-arromanches\/\" \/>\n<meta property=\"og:locale\" content=\"en_US\" \/>\n<meta property=\"og:type\" content=\"article\" \/>\n<meta property=\"og:title\" content=\"Programme du 80e anniversaire du d\u00e9barquement \u00e0 Arromanches - Mus\u00e9e du D\u00e9barquement - Arromanches\" \/>\n<meta property=\"og:description\" content=\"D\u00e9couvrez le programme des comm\u00e9morations du 80e anniversaire du D\u00e9barquement \u00e0 Arromanches. C\u00e9r\u00e9monies, animations, expositions [&hellip;]\" \/>\n<meta property=\"og:url\" content=\"https:\/\/musee-arromanches.fr\/en\/programme-du-80e-anniversaire-du-debarquement-a-arromanches\/\" \/>\n<meta property=\"og:site_name\" content=\"Mus\u00e9e du D\u00e9barquement - Arromanches\" \/>\n<meta property=\"article:published_time\" content=\"2024-07-20T15:48:52+00:00\" \/>\n<meta property=\"article:modified_time\" content=\"2024-09-17T11:14:42+00:00\" \/>\n<meta property=\"og:image\" content=\"https:\/\/musee-arromanches.fr\/wp-content\/uploads\/2024\/05\/image_67186177-scaled.jpg\" \/>\n\t<meta property=\"og:image:width\" content=\"1920\" \/>\n\t<meta property=\"og:image:height\" content=\"2560\" \/>\n\t<meta property=\"og:image:type\" content=\"image\/jpeg\" \/>\n<meta name=\"author\" content=\"c.mace\" \/>\n<meta name=\"twitter:card\" content=\"summary_large_image\" \/>\n<meta name=\"twitter:label1\" content=\"Written by\" \/>\n\t<meta name=\"twitter:data1\" content=\"c.mace\" \/>\n\t<meta name=\"twitter:label2\" content=\"Est. reading time\" \/>\n\t<meta name=\"twitter:data2\" content=\"2 minutes\" \/>\n<script type=\"application\/ld+json\" class=\"yoast-schema-graph\">{\"@context\":\"https:\\\/\\\/schema.org\",\"@graph\":[{\"@type\":\"Article\",\"@id\":\"https:\\\/\\\/musee-arromanches.fr\\\/en\\\/programme-du-80e-anniversaire-du-debarquement-a-arromanches\\\/#article\",\"isPartOf\":{\"@id\":\"https:\\\/\\\/musee-arromanches.fr\\\/en\\\/programme-du-80e-anniversaire-du-debarquement-a-arromanches\\\/\"},\"author\":{\"name\":\"c.mace\",\"@id\":\"https:\\\/\\\/musee-arromanches.fr\\\/en\\\/#\\\/schema\\\/person\\\/69580e3c07116eb4caae7cee2b47d5e4\"},\"headline\":\"Programme du 80e anniversaire du d\u00e9barquement \u00e0 Arromanches\",\"datePublished\":\"2024-07-20T15:48:52+00:00\",\"dateModified\":\"2024-09-17T11:14:42+00:00\",\"mainEntityOfPage\":{\"@id\":\"https:\\\/\\\/musee-arromanches.fr\\\/en\\\/programme-du-80e-anniversaire-du-debarquement-a-arromanches\\\/\"},\"wordCount\":67,\"image\":{\"@id\":\"https:\\\/\\\/musee-arromanches.fr\\\/en\\\/programme-du-80e-anniversaire-du-debarquement-a-arromanches\\\/#primaryimage\"},\"thumbnailUrl\":\"https:\\\/\\\/musee-arromanches.fr\\\/wp-content\\\/uploads\\\/2024\\\/05\\\/image_67186177-scaled.jpg\",\"articleSection\":[\"Archives\"],\"inLanguage\":\"en-US\"},{\"@type\":\"WebPage\",\"@id\":\"https:\\\/\\\/musee-arromanches.fr\\\/en\\\/programme-du-80e-anniversaire-du-debarquement-a-arromanches\\\/\",\"url\":\"https:\\\/\\\/musee-arromanches.fr\\\/en\\\/programme-du-80e-anniversaire-du-debarquement-a-arromanches\\\/\",\"name\":\"Programme du 80e anniversaire du d\u00e9barquement \u00e0 Arromanches - Mus\u00e9e du D\u00e9barquement - Arromanches\",\"isPartOf\":{\"@id\":\"https:\\\/\\\/musee-arromanches.fr\\\/en\\\/#website\"},\"primaryImageOfPage\":{\"@id\":\"https:\\\/\\\/musee-arromanches.fr\\\/en\\\/programme-du-80e-anniversaire-du-debarquement-a-arromanches\\\/#primaryimage\"},\"image\":{\"@id\":\"https:\\\/\\\/musee-arromanches.fr\\\/en\\\/programme-du-80e-anniversaire-du-debarquement-a-arromanches\\\/#primaryimage\"},\"thumbnailUrl\":\"https:\\\/\\\/musee-arromanches.fr\\\/wp-content\\\/uploads\\\/2024\\\/05\\\/image_67186177-scaled.jpg\",\"datePublished\":\"2024-07-20T15:48:52+00:00\",\"dateModified\":\"2024-09-17T11:14:42+00:00\",\"author\":{\"@id\":\"https:\\\/\\\/musee-arromanches.fr\\\/en\\\/#\\\/schema\\\/person\\\/69580e3c07116eb4caae7cee2b47d5e4\"},\"breadcrumb\":{\"@id\":\"https:\\\/\\\/musee-arromanches.fr\\\/en\\\/programme-du-80e-anniversaire-du-debarquement-a-arromanches\\\/#breadcrumb\"},\"inLanguage\":\"en-US\",\"potentialAction\":[{\"@type\":\"ReadAction\",\"target\":[\"https:\\\/\\\/musee-arromanches.fr\\\/en\\\/programme-du-80e-anniversaire-du-debarquement-a-arromanches\\\/\"]}]},{\"@type\":\"ImageObject\",\"inLanguage\":\"en-US\",\"@id\":\"https:\\\/\\\/musee-arromanches.fr\\\/en\\\/programme-du-80e-anniversaire-du-debarquement-a-arromanches\\\/#primaryimage\",\"url\":\"https:\\\/\\\/musee-arromanches.fr\\\/wp-content\\\/uploads\\\/2024\\\/05\\\/image_67186177-scaled.jpg\",\"contentUrl\":\"https:\\\/\\\/musee-arromanches.fr\\\/wp-content\\\/uploads\\\/2024\\\/05\\\/image_67186177-scaled.jpg\",\"width\":1920,\"height\":2560},{\"@type\":\"BreadcrumbList\",\"@id\":\"https:\\\/\\\/musee-arromanches.fr\\\/en\\\/programme-du-80e-anniversaire-du-debarquement-a-arromanches\\\/#breadcrumb\",\"itemListElement\":[{\"@type\":\"ListItem\",\"position\":1,\"name\":\"Home\",\"item\":\"https:\\\/\\\/musee-arromanches.fr\\\/en\\\/\"},{\"@type\":\"ListItem\",\"position\":2,\"name\":\"Programme du 80e anniversaire du d\u00e9barquement \u00e0 Arromanches\"}]},{\"@type\":\"WebSite\",\"@id\":\"https:\\\/\\\/musee-arromanches.fr\\\/en\\\/#website\",\"url\":\"https:\\\/\\\/musee-arromanches.fr\\\/en\\\/\",\"name\":\"Mus\u00e9e du D\u00e9barquement - Arromanches\",\"description\":\"\",\"potentialAction\":[{\"@type\":\"SearchAction\",\"target\":{\"@type\":\"EntryPoint\",\"urlTemplate\":\"https:\\\/\\\/musee-arromanches.fr\\\/en\\\/?s={search_term_string}\"},\"query-input\":{\"@type\":\"PropertyValueSpecification\",\"valueRequired\":true,\"valueName\":\"search_term_string\"}}],\"inLanguage\":\"en-US\"},{\"@type\":\"Person\",\"@id\":\"https:\\\/\\\/musee-arromanches.fr\\\/en\\\/#\\\/schema\\\/person\\\/69580e3c07116eb4caae7cee2b47d5e4\",\"name\":\"c.mace\",\"image\":{\"@type\":\"ImageObject\",\"inLanguage\":\"en-US\",\"@id\":\"https:\\\/\\\/secure.gravatar.com\\\/avatar\\\/cb737a4dec1ac6b676520be972c4365e9999031d8cbb3cb951a764638c7ee7be?s=96&d=mm&r=g\",\"url\":\"https:\\\/\\\/secure.gravatar.com\\\/avatar\\\/cb737a4dec1ac6b676520be972c4365e9999031d8cbb3cb951a764638c7ee7be?s=96&d=mm&r=g\",\"contentUrl\":\"https:\\\/\\\/secure.gravatar.com\\\/avatar\\\/cb737a4dec1ac6b676520be972c4365e9999031d8cbb3cb951a764638c7ee7be?s=96&d=mm&r=g\",\"caption\":\"c.mace\"},\"url\":\"https:\\\/\\\/musee-arromanches.fr\\\/en\\\/author\\\/c-mace\\\/\"}]}<\/script>\n<!-- \/ Yoast SEO plugin. -->","yoast_head_json":{"title":"Programme du 80e anniversaire du d\u00e9barquement \u00e0 Arromanches - Mus\u00e9e du D\u00e9barquement - Arromanches","robots":{"index":"index","follow":"follow","max-snippet":"max-snippet:-1","max-image-preview":"max-image-preview:large","max-video-preview":"max-video-preview:-1"},"canonical":"https:\/\/musee-arromanches.fr\/en\/programme-du-80e-anniversaire-du-debarquement-a-arromanches\/","og_locale":"en_US","og_type":"article","og_title":"Programme du 80e anniversaire du d\u00e9barquement \u00e0 Arromanches - Mus\u00e9e du D\u00e9barquement - Arromanches","og_description":"D\u00e9couvrez le programme des comm\u00e9morations du 80e anniversaire du D\u00e9barquement \u00e0 Arromanches. C\u00e9r\u00e9monies, animations, expositions [&hellip;]","og_url":"https:\/\/musee-arromanches.fr\/en\/programme-du-80e-anniversaire-du-debarquement-a-arromanches\/","og_site_name":"Mus\u00e9e du D\u00e9barquement - Arromanches","article_published_time":"2024-07-20T15:48:52+00:00","article_modified_time":"2024-09-17T11:14:42+00:00","og_image":[{"width":1920,"height":2560,"url":"https:\/\/musee-arromanches.fr\/wp-content\/uploads\/2024\/05\/image_67186177-scaled.jpg","type":"image\/jpeg"}],"author":"c.mace","twitter_card":"summary_large_image","twitter_misc":{"Written by":"c.mace","Est. reading time":"2 minutes"},"schema":{"@context":"https:\/\/schema.org","@graph":[{"@type":"Article","@id":"https:\/\/musee-arromanches.fr\/en\/programme-du-80e-anniversaire-du-debarquement-a-arromanches\/#article","isPartOf":{"@id":"https:\/\/musee-arromanches.fr\/en\/programme-du-80e-anniversaire-du-debarquement-a-arromanches\/"},"author":{"name":"c.mace","@id":"https:\/\/musee-arromanches.fr\/en\/#\/schema\/person\/69580e3c07116eb4caae7cee2b47d5e4"},"headline":"Programme du 80e anniversaire du d\u00e9barquement \u00e0 Arromanches","datePublished":"2024-07-20T15:48:52+00:00","dateModified":"2024-09-17T11:14:42+00:00","mainEntityOfPage":{"@id":"https:\/\/musee-arromanches.fr\/en\/programme-du-80e-anniversaire-du-debarquement-a-arromanches\/"},"wordCount":67,"image":{"@id":"https:\/\/musee-arromanches.fr\/en\/programme-du-80e-anniversaire-du-debarquement-a-arromanches\/#primaryimage"},"thumbnailUrl":"https:\/\/musee-arromanches.fr\/wp-content\/uploads\/2024\/05\/image_67186177-scaled.jpg","articleSection":["Archives"],"inLanguage":"en-US"},{"@type":"WebPage","@id":"https:\/\/musee-arromanches.fr\/en\/programme-du-80e-anniversaire-du-debarquement-a-arromanches\/","url":"https:\/\/musee-arromanches.fr\/en\/programme-du-80e-anniversaire-du-debarquement-a-arromanches\/","name":"Programme du 80e anniversaire du d\u00e9barquement \u00e0 Arromanches - Mus\u00e9e du D\u00e9barquement - Arromanches","isPartOf":{"@id":"https:\/\/musee-arromanches.fr\/en\/#website"},"primaryImageOfPage":{"@id":"https:\/\/musee-arromanches.fr\/en\/programme-du-80e-anniversaire-du-debarquement-a-arromanches\/#primaryimage"},"image":{"@id":"https:\/\/musee-arromanches.fr\/en\/programme-du-80e-anniversaire-du-debarquement-a-arromanches\/#primaryimage"},"thumbnailUrl":"https:\/\/musee-arromanches.fr\/wp-content\/uploads\/2024\/05\/image_67186177-scaled.jpg","datePublished":"2024-07-20T15:48:52+00:00","dateModified":"2024-09-17T11:14:42+00:00","author":{"@id":"https:\/\/musee-arromanches.fr\/en\/#\/schema\/person\/69580e3c07116eb4caae7cee2b47d5e4"},"breadcrumb":{"@id":"https:\/\/musee-arromanches.fr\/en\/programme-du-80e-anniversaire-du-debarquement-a-arromanches\/#breadcrumb"},"inLanguage":"en-US","potentialAction":[{"@type":"ReadAction","target":["https:\/\/musee-arromanches.fr\/en\/programme-du-80e-anniversaire-du-debarquement-a-arromanches\/"]}]},{"@type":"ImageObject","inLanguage":"en-US","@id":"https:\/\/musee-arromanches.fr\/en\/programme-du-80e-anniversaire-du-debarquement-a-arromanches\/#primaryimage","url":"https:\/\/musee-arromanches.fr\/wp-content\/uploads\/2024\/05\/image_67186177-scaled.jpg","contentUrl":"https:\/\/musee-arromanches.fr\/wp-content\/uploads\/2024\/05\/image_67186177-scaled.jpg","width":1920,"height":2560},{"@type":"BreadcrumbList","@id":"https:\/\/musee-arromanches.fr\/en\/programme-du-80e-anniversaire-du-debarquement-a-arromanches\/#breadcrumb","itemListElement":[{"@type":"ListItem","position":1,"name":"Home","item":"https:\/\/musee-arromanches.fr\/en\/"},{"@type":"ListItem","position":2,"name":"Programme du 80e anniversaire du d\u00e9barquement \u00e0 Arromanches"}]},{"@type":"WebSite","@id":"https:\/\/musee-arromanches.fr\/en\/#website","url":"https:\/\/musee-arromanches.fr\/en\/","name":"Mus\u00e9e du D\u00e9barquement - Arromanches","description":"","potentialAction":[{"@type":"SearchAction","target":{"@type":"EntryPoint","urlTemplate":"https:\/\/musee-arromanches.fr\/en\/?s={search_term_string}"},"query-input":{"@type":"PropertyValueSpecification","valueRequired":true,"valueName":"search_term_string"}}],"inLanguage":"en-US"},{"@type":"Person","@id":"https:\/\/musee-arromanches.fr\/en\/#\/schema\/person\/69580e3c07116eb4caae7cee2b47d5e4","name":"c.mace","image":{"@type":"ImageObject","inLanguage":"en-US","@id":"https:\/\/secure.gravatar.com\/avatar\/cb737a4dec1ac6b676520be972c4365e9999031d8cbb3cb951a764638c7ee7be?s=96&d=mm&r=g","url":"https:\/\/secure.gravatar.com\/avatar\/cb737a4dec1ac6b676520be972c4365e9999031d8cbb3cb951a764638c7ee7be?s=96&d=mm&r=g","contentUrl":"https:\/\/secure.gravatar.com\/avatar\/cb737a4dec1ac6b676520be972c4365e9999031d8cbb3cb951a764638c7ee7be?s=96&d=mm&r=g","caption":"c.mace"},"url":"https:\/\/musee-arromanches.fr\/en\/author\/c-mace\/"}]}},"_links":{"self":[{"href":"https:\/\/musee-arromanches.fr\/en\/wp-json\/wp\/v2\/posts\/1934","targetHints":{"allow":["GET"]}}],"collection":[{"href":"https:\/\/musee-arromanches.fr\/en\/wp-json\/wp\/v2\/posts"}],"about":[{"href":"https:\/\/musee-arromanches.fr\/en\/wp-json\/wp\/v2\/types\/post"}],"author":[{"embeddable":true,"href":"https:\/\/musee-arromanches.fr\/en\/wp-json\/wp\/v2\/users\/3"}],"replies":[{"embeddable":true,"href":"https:\/\/musee-arromanches.fr\/en\/wp-json\/wp\/v2\/comments?post=1934"}],"version-history":[{"count":2,"href":"https:\/\/musee-arromanches.fr\/en\/wp-json\/wp\/v2\/posts\/1934\/revisions"}],"predecessor-version":[{"id":2427,"href":"https:\/\/musee-arromanches.fr\/en\/wp-json\/wp\/v2\/posts\/1934\/revisions\/2427"}],"wp:featuredmedia":[{"embeddable":true,"href":"https:\/\/musee-arromanches.fr\/en\/wp-json\/wp\/v2\/media\/2181"}],"wp:attachment":[{"href":"https:\/\/musee-arromanches.fr\/en\/wp-json\/wp\/v2\/media?parent=1934"}],"wp:term":[{"taxonomy":"category","embeddable":true,"href":"https:\/\/musee-arromanches.fr\/en\/wp-json\/wp\/v2\/categories?post=1934"},{"taxonomy":"post_tag","embeddable":true,"href":"https:\/\/musee-arromanches.fr\/en\/wp-json\/wp\/v2\/tags?post=1934"}],"curies":[{"name":"wp","href":"https:\/\/api.w.org\/{rel}","templated":true}]}}